{"id":523,"date":"2024-11-18T23:40:20","date_gmt":"2024-11-18T22:40:20","guid":{"rendered":"https:\/\/nks-wohltat.de\/?p=523"},"modified":"2024-11-23T22:21:46","modified_gmt":"2024-11-23T21:21:46","slug":"horbacher-muehle-statt-kessko","status":"publish","type":"post","link":"https:\/\/nks-wohltat.de\/?p=523","title":{"rendered":"Horbacher M\u00fchle statt Kessko"},"content":{"rendered":"\n<p>Nicht nur seit Jahren, seit Jahrzehnten bietet die Wohltat und vorher ein von der CDU Neunkirchen-Seelscheid getragener Arbeitskreis auf unseren Weihnachtsm\u00e4rkten Marzipanschweinchen der Bonner Firma Kessko an. Diese sind zu unserem gro\u00dfen Bedauern 2024 nicht lieferbar und wir m\u00fcssen eine langj\u00e4hrige Tradition zumindest dieses Jahr aussetzen.<\/p>\n\n\n\n<p>Wir haben mit den Erl\u00f6sen in der Vergangenheit Projekte in unserer Gemeinde unterst\u00fctzt, zuletzt den CKIS in Seelscheid und wollen dies fortsetzen. Aktuell haben wir der Jugendarbeit des Spielmannszuges unserer Feuerwehr finanzielle Hilfe zugesagt.<\/p>\n\n\n\n<p>Deshalb sind wir wieder am ersten Advent - Samstag, den 30. November - bei der \"Seelscheder Chresmaat\" pr\u00e4sent und bieten nun dieses Jahr eine spezielle Backmischung der Horbacher M\u00fchle an, das \u201eWeihnachtsbrot Neunkirchen-Seelscheider Wohltat\u201c. Unterst\u00fctzen Sie uns durch den Kauf heimischer Produkte!<\/p>\n\n\n\n<p>Als Erg\u00e4nzung wollen wir Ihnen aber auch wieder unseren \u201ehochgeistigen\u201c Haselnusslik\u00f6r und kleine Weihnachtsgeschenke anbieten.<\/p>\n\n\n\n<p>Auch in diesem Jahr w\u00fcrdigen, so jedenfalls die Planung, unsere Bundestagsabgeordnete Lisa Winkelmeier-Becker und unser Europa-Abgeordneter Axel Voss das Engagement durch Ihre Pr\u00e4senz.<\/p>\n\n\n\n<p>Besuchen Sie uns in Berg Seelscheid auf der \"Seelscheder Chresmaat\"!<\/p>\n\n\n\n<p>Wir freuen uns auf Sie!<\/p>\n\n\n\n<p>Hans-J\u00fcrgen Parpart, Vorstand \u201eNeunkirchen-Seelscheider Wohltat e.V.\u201c<\/p>\n\n\n\n<figure class=\"wp-block-image size-large\"><img loading=\"lazy\" decoding=\"async\" width=\"853\" height=\"1024\" src=\"https:\/\/nks-wohltat.de\/wp-content\/uploads\/2024\/11\/Weihnachtsbrot-mod-853x1024.jpg\" alt=\"\" class=\"wp-image-543\" srcset=\"https:\/\/nks-wohltat.de\/wp-content\/uploads\/2024\/11\/Weihnachtsbrot-mod-853x1024.jpg 853w, https:\/\/nks-wohltat.de\/wp-content\/uploads\/2024\/11\/Weihnachtsbrot-mod-250x300.jpg 250w, https:\/\/nks-wohltat.de\/wp-content\/uploads\/2024\/11\/Weihnachtsbrot-mod-768x922.jpg 768w, https:\/\/nks-wohltat.de\/wp-content\/uploads\/2024\/11\/Weihnachtsbrot-mod-1279x1536.jpg 1279w, https:\/\/nks-wohltat.de\/wp-content\/uploads\/2024\/11\/Weihnachtsbrot-mod-1706x2048.jpg 1706w, https:\/\/nks-wohltat.de\/wp-content\/uploads\/2024\/11\/Weihnachtsbrot-mod-960x1153.jpg 960w\" sizes=\"auto, (max-width: 853px) 100vw, 853px\" \/><\/figure>\n\n\n\n<p><\/p>\n","protected":false},"excerpt":{"rendered":"<p>Nicht nur seit Jahren, seit Jahrzehnten bietet die Wohltat und vorher ein von der CDU Neunkirchen-Seelscheid getragener Arbeitskreis auf unseren Weihnachtsm\u00e4rkten Marzipanschweinchen der Bonner Firma Kessko an. Diese sind zu unserem gro\u00dfen Bedauern 2024 nicht lieferbar und wir m\u00fcssen eine langj\u00e4hrige Tradition zumindest dieses Jahr aussetzen. Wir haben mit den Erl\u00f6sen in der Vergangenheit Projekte <a href=\"https:\/\/nks-wohltat.de\/?p=523\" class=\"more-link\">...weiterlesen<span class=\"screen-reader-text\"> \"Horbacher M\u00fchle statt Kessko\"<\/span><\/a><\/p>\n","protected":false},"author":2,"featured_media":524,"comment_status":"closed","ping_status":"open","sticky":false,"template":"","format":"standard","meta":{"footnotes":""},"categories":[21,1],"tags":[],"class_list":{"0":"post-523","1":"post","2":"type-post","3":"status-publish","4":"format-standard","5":"has-post-thumbnail","7":"category-aktivitaet-2024","8":"category-allgemein","9":"h-entry","10":"hentry","11":"h-as-article"},"_links":{"self":[{"href":"https:\/\/nks-wohltat.de\/index.php?rest_route=\/wp\/v2\/posts\/523","targetHints":{"allow":["GET"]}}],"collection":[{"href":"https:\/\/nks-wohltat.de\/index.php?rest_route=\/wp\/v2\/posts"}],"about":[{"href":"https:\/\/nks-wohltat.de\/index.php?rest_route=\/wp\/v2\/types\/post"}],"author":[{"embeddable":true,"href":"https:\/\/nks-wohltat.de\/index.php?rest_route=\/wp\/v2\/users\/2"}],"replies":[{"embeddable":true,"href":"https:\/\/nks-wohltat.de\/index.php?rest_route=%2Fwp%2Fv2%2Fcomments&post=523"}],"version-history":[{"count":4,"href":"https:\/\/nks-wohltat.de\/index.php?rest_route=\/wp\/v2\/posts\/523\/revisions"}],"predecessor-version":[{"id":541,"href":"https:\/\/nks-wohltat.de\/index.php?rest_route=\/wp\/v2\/posts\/523\/revisions\/541"}],"wp:featuredmedia":[{"embeddable":true,"href":"https:\/\/nks-wohltat.de\/index.php?rest_route=\/wp\/v2\/media\/524"}],"wp:attachment":[{"href":"https:\/\/nks-wohltat.de\/index.php?rest_route=%2Fwp%2Fv2%2Fmedia&parent=523"}],"wp:term":[{"taxonomy":"category","embeddable":true,"href":"https:\/\/nks-wohltat.de\/index.php?rest_route=%2Fwp%2Fv2%2Fcategories&post=523"},{"taxonomy":"post_tag","embeddable":true,"href":"https:\/\/nks-wohltat.de\/index.php?rest_route=%2Fwp%2Fv2%2Ftags&post=523"}],"curies":[{"name":"wp","href":"https:\/\/api.w.org\/{rel}","templated":true}]}}